{"id":1861,"__str__":"Parecer - Jur\u00eddico de 11/02/2025 por Advogado do Legislativo","link_detail_backend":"/materia/documentoacessorio/1861","metadata":{},"nome":"Jur\u00eddico","data":"2025-02-11","autor":"Advogado do Legislativo","ementa":"Parecer de instru\u00e7\u00e3o","indexacao":"","arquivo":"http://sapl.corbelia.pr.leg.br/media/sapl/public/documentoacessorio/2025/1861/projeto_de_parecer_pelom_003_2025.pdf","data_ultima_atualizacao":"2025-04-07T14:30:04.828025-03:00","materia":1828,"tipo":1}