{"id":225,"__str__":"Parecer - Conjunto das Comiss\u00f5es de 14/11/2018 por Eli Stefanello e Jos\u00e9 Osni Alves","link_detail_backend":"/materia/documentoacessorio/225","metadata":{},"nome":"Conjunto das Comiss\u00f5es","data":"2018-11-14","autor":"Eli Stefanello e Jos\u00e9 Osni Alves","ementa":"Parecer favor\u00e1vel.","indexacao":"","arquivo":"http://sapl.corbelia.pr.leg.br/media/sapl/public/documentoacessorio/2018/225/parecer_cjr_e_cdset_plo_041_2018.pdf","data_ultima_atualizacao":"2018-11-19T13:50:55.931273-02:00","materia":409,"tipo":1}