{"id":320,"__str__":"Avulso - Reda\u00e7\u00e3o Final de 25/06/2019 por Comiss\u00e3o de Justi\u00e7a e Reda\u00e7\u00e3o","link_detail_backend":"/materia/documentoacessorio/320","metadata":{},"nome":"Reda\u00e7\u00e3o Final","data":"2019-06-25","autor":"Comiss\u00e3o de Justi\u00e7a e Reda\u00e7\u00e3o","ementa":"Reda\u00e7\u00e3o final do projeto de lei com a integra\u00e7\u00e3o do texto das Emendas 10/2019 e 11/2019.","indexacao":"","arquivo":"http://sapl.corbelia.pr.leg.br/media/sapl/public/documentoacessorio/2019/320/redacao-final_plo_016-2019.pdf","data_ultima_atualizacao":"2019-07-04T09:02:22.367376-03:00","materia":501,"tipo":3}