{"id":350,"__str__":"Parecer - Conjunto das comiss\u00f5es de 08/08/2019 por Jos\u00e9 Osni Alves e Jos\u00e9 Heleno Milhome","link_detail_backend":"/materia/documentoacessorio/350","metadata":{},"nome":"Conjunto das comiss\u00f5es","data":"2019-08-08","autor":"Jos\u00e9 Osni Alves e Jos\u00e9 Heleno Milhome","ementa":"Parecer favor\u00e1vel.","indexacao":"","arquivo":"http://sapl.corbelia.pr.leg.br/media/sapl/public/documentoacessorio/2019/350/parecer_cjr_e_cefo_plo_031_2019.pdf","data_ultima_atualizacao":"2019-08-08T17:14:06.318155-03:00","materia":568,"tipo":1}