{"id":362,"__str__":"Parecer - Conjunto das comiss\u00f5es de 13/08/2019 por Osni Alves, Jos\u00e9 Milhome e Paulo Cardoso","link_detail_backend":"/materia/documentoacessorio/362","metadata":{},"nome":"Conjunto das comiss\u00f5es","data":"2019-08-13","autor":"Osni Alves, Jos\u00e9 Milhome e Paulo Cardoso","ementa":"Parecer favor\u00e1vel com emenda modificativa.","indexacao":"","arquivo":"http://sapl.corbelia.pr.leg.br/media/sapl/public/documentoacessorio/2019/362/parecer_cjr_cefo_cecs_plo_037_2019.pdf","data_ultima_atualizacao":"2019-08-26T16:39:59.801160-03:00","materia":580,"tipo":1}