{"id":36,"__str__":"Parecer - Comiss\u00e3o Ind. Com\u00e9rcio e Agr. de 13/02/2017 por Eli Stefanello","link_detail_backend":"/materia/documentoacessorio/36","metadata":{},"nome":"Comiss\u00e3o Ind. Com\u00e9rcio e Agr.","data":"2017-02-13","autor":"Eli Stefanello","ementa":"FAVOR\u00c1VEL COM RESSALVAS.","indexacao":"","arquivo":"http://sapl.corbelia.pr.leg.br/media/sapl/public/documentoacessorio/2016/36/36.docx","data_ultima_atualizacao":"2018-05-23T11:37:27.469708-03:00","materia":53,"tipo":1}