{"id":398,"__str__":"Parecer - Conjunto das comiss\u00f5es de 15/10/2019 por Jos\u00e9 Osni Alves","link_detail_backend":"/materia/documentoacessorio/398","metadata":{},"nome":"Conjunto das comiss\u00f5es","data":"2019-10-15","autor":"Jos\u00e9 Osni Alves","ementa":"Parecer favor\u00e1vel.","indexacao":"","arquivo":"http://sapl.corbelia.pr.leg.br/media/sapl/public/documentoacessorio/2019/398/parecer_cjr_plo_045_2019.pdf","data_ultima_atualizacao":"2019-10-17T13:50:25.353932-03:00","materia":604,"tipo":1}