{"id":447,"__str__":"Parecer - Conjunto das comiss\u00f5es de 14/04/2020 por Juliano Schmitt e Paulo Jos\u00e9 Borges Cardoso","link_detail_backend":"/materia/documentoacessorio/447","metadata":{},"nome":"Conjunto das comiss\u00f5es","data":"2020-04-14","autor":"Juliano Schmitt e Paulo Jos\u00e9 Borges Cardoso","ementa":"Parecer favor\u00e1vel.","indexacao":"","arquivo":"http://sapl.corbelia.pr.leg.br/media/sapl/public/documentoacessorio/2020/447/parecer_cjr_cefo_plo_010_2020.pdf","data_ultima_atualizacao":"2020-04-20T18:48:19.540928-03:00","materia":722,"tipo":1}