{"id":562,"__str__":"Parecer - Conjunto das comiss\u00f5es de 19/10/2020 por Juliano Schmitt e Jos\u00e9 Osni Alves","link_detail_backend":"/materia/documentoacessorio/562","metadata":{},"nome":"Conjunto das comiss\u00f5es","data":"2020-10-19","autor":"Juliano Schmitt e Jos\u00e9 Osni Alves","ementa":"Parecer favor\u00e1vel.","indexacao":"","arquivo":"http://sapl.corbelia.pr.leg.br/media/sapl/public/documentoacessorio/2020/562/parecer_cjr_cdset_plo_032_2020.pdf","data_ultima_atualizacao":"2020-10-20T08:46:27.709228-03:00","materia":854,"tipo":1}