{"id":578,"__str__":"Parecer - Conjunto das comiss\u00f5es de 01/12/2020 por Juliano Schmitt e Paulo Jos\u00e9 Borges Cardoso","link_detail_backend":"/materia/documentoacessorio/578","metadata":{},"nome":"Conjunto das comiss\u00f5es","data":"2020-12-01","autor":"Juliano Schmitt e Paulo Jos\u00e9 Borges Cardoso","ementa":"Parecer favor\u00e1vel.","indexacao":"","arquivo":"http://sapl.corbelia.pr.leg.br/media/sapl/public/documentoacessorio/2020/578/parecer_cjr_cefo_plo_035_2020.pdf","data_ultima_atualizacao":"2020-12-07T16:30:28.881268-03:00","materia":885,"tipo":1}