{"id":596,"__str__":"Parecer - Conjunto das comiss\u00f5es de 09/12/2020 por Juliano Schmitt e Odair Pasetti","link_detail_backend":"/materia/documentoacessorio/596","metadata":{},"nome":"Conjunto das comiss\u00f5es","data":"2020-12-09","autor":"Juliano Schmitt e Odair Pasetti","ementa":"Parecer favor\u00e1vel com apresenta\u00e7\u00e3o de emenda.","indexacao":"","arquivo":"http://sapl.corbelia.pr.leg.br/media/sapl/public/documentoacessorio/2020/596/parecer_cjr_cefo_plo_039_2020.pdf","data_ultima_atualizacao":"2020-12-14T19:12:04.846930-03:00","materia":897,"tipo":1}