{"id":824,"__str__":"Parecer - Conjunto das comiss\u00f5es de 22/08/2022 por Marcos Jandrey e Claudino de Lara","link_detail_backend":"/materia/documentoacessorio/824","metadata":{},"nome":"Conjunto das comiss\u00f5es","data":"2022-08-22","autor":"Marcos Jandrey e Claudino de Lara","ementa":"Parecer favor\u00e1vel pela tramita\u00e7\u00e3o.","indexacao":"","arquivo":"http://sapl.corbelia.pr.leg.br/media/sapl/public/documentoacessorio/2022/824/parecer_cjr_cefo_cvosp_plo_023_2022.pdf","data_ultima_atualizacao":"2022-08-29T17:15:25.271856-03:00","materia":1389,"tipo":1}