{"id":832,"__str__":"Parecer - Jur\u00eddico de 01/09/2022 por Advogado do Legislativo","link_detail_backend":"/materia/documentoacessorio/832","metadata":{},"nome":"Jur\u00eddico","data":"2022-09-01","autor":"Advogado do Legislativo","ementa":"Parecer de instru\u00e7\u00e3o.","indexacao":"","arquivo":"http://sapl.corbelia.pr.leg.br/media/sapl/public/documentoacessorio/2022/832/projeto_de_parecer_pre_002_2022.pdf","data_ultima_atualizacao":"2022-09-12T11:05:58.886423-03:00","materia":1401,"tipo":1}