{"id":872,"__str__":"Avulso - Reda\u00e7\u00e3o Final de 30/03/2023 por Comiss\u00e3o de Justi\u00e7a e Reda\u00e7\u00e3o","link_detail_backend":"/materia/documentoacessorio/872","metadata":{},"nome":"Reda\u00e7\u00e3o Final","data":"2023-03-30","autor":"Comiss\u00e3o de Justi\u00e7a e Reda\u00e7\u00e3o","ementa":"Reda\u00e7\u00e3o final com a integra\u00e7\u00e3o do texto da EMD 001/2023;","indexacao":"","arquivo":"http://sapl.corbelia.pr.leg.br/media/sapl/public/documentoacessorio/2023/872/redacao-final_plo_005-2023.pdf","data_ultima_atualizacao":"2023-03-30T14:29:48.329060-03:00","materia":1468,"tipo":3}