{"id":2100,"__str__":"Mo\u00e7\u00e3o n\u00ba 21 de 2025","link_detail_backend":"/materia/2100","metadata":{},"numero":21,"ano":2025,"numero_protocolo":1527,"data_apresentacao":"2025-10-09","tipo_apresentacao":"E","data_publicacao":null,"numero_origem_externa":"","ano_origem_externa":null,"data_origem_externa":null,"apelido":"","dias_prazo":null,"data_fim_prazo":null,"em_tramitacao":false,"polemica":false,"objeto":"","complementar":false,"ementa":"Em reconhecimento \u00e0 Sra. Clenir Krolhing pelos seus mais de 30 anos dedicados \u00e0 igreja cat\u00f3lica como Ministra da Eucaristia e por toda a contribui\u00e7\u00e3o da\r\nFam\u00edlia Krolhing com o desenvolvimento social e econ\u00f4mico de Corb\u00e9lia atrav\u00e9s do Agroneg\u00f3cio.","indexacao":"","observacao":"","resultado":"","texto_original":"http://sapl.corbelia.pr.leg.br/media/sapl/public/materialegislativa/2025/2100/mocao_andre_-_clenir_krolhing_assinado.pdf","data_ultima_atualizacao":"2025-10-21T15:20:26.667276-03:00","ip":"45.228.123.82","ultima_edicao":"2025-10-13T08:51:04.047749-03:00","tipo":7,"regime_tramitacao":1,"tipo_origem_externa":null,"local_origem_externa":null,"user":67,"anexadas":[],"autores":[126]}