{"id":415,"__str__":"Requerimento n\u00ba 24 de 2018","link_detail_backend":"/materia/415","metadata":{},"numero":24,"ano":2018,"numero_protocolo":539,"data_apresentacao":"2018-11-19","tipo_apresentacao":"E","data_publicacao":null,"numero_origem_externa":"","ano_origem_externa":null,"data_origem_externa":null,"apelido":"","dias_prazo":null,"data_fim_prazo":null,"em_tramitacao":false,"polemica":null,"objeto":"","complementar":null,"ementa":"Requer informa\u00e7\u00f5es sobre a realiza\u00e7\u00e3o da Festa das Flores/Expob\u00e9lia de 2018.","indexacao":"","observacao":"","resultado":"","texto_original":null,"data_ultima_atualizacao":"2020-05-12T12:10:46.912195-03:00","ip":"","ultima_edicao":null,"tipo":3,"regime_tramitacao":1,"tipo_origem_externa":null,"local_origem_externa":null,"user":null,"anexadas":[],"autores":[29]}