{"id":738,"__str__":"Projeto de Lei Ordin\u00e1ria n\u00ba 12 de 2020","link_detail_backend":"/materia/738","metadata":{},"numero":12,"ano":2020,"numero_protocolo":126,"data_apresentacao":"2020-05-04","tipo_apresentacao":"E","data_publicacao":null,"numero_origem_externa":"","ano_origem_externa":null,"data_origem_externa":null,"apelido":"Nomea\u00e7\u00e3o de UBS","dias_prazo":null,"data_fim_prazo":"2020-06-18","em_tramitacao":false,"polemica":null,"objeto":"Denominar pr\u00f3prios municipais","complementar":null,"ementa":"Disp\u00f5e sobre a denomina\u00e7\u00e3o dos pr\u00e9dios p\u00fablicos da Unidade B\u00e1sica de Sa\u00fade e do Centro Administrativo, ambos no Distrito de Nossa Senhora da Penha no Munic\u00edpio de Corb\u00e9lia.","indexacao":"","observacao":"","resultado":"","texto_original":"http://sapl.corbelia.pr.leg.br/media/sapl/public/materialegislativa/2020/738/plo-012-2020.pdf","data_ultima_atualizacao":"2020-05-25T16:51:44.847648-03:00","ip":"177.220.190.87","ultima_edicao":"2020-05-05T12:40:07.850976-03:00","tipo":1,"regime_tramitacao":6,"tipo_origem_externa":null,"local_origem_externa":null,"user":33,"anexadas":[],"autores":[17]}